{"id":921,"date":"2019-03-19T22:19:29","date_gmt":"2019-03-20T01:19:29","guid":{"rendered":"http:\/\/miraserra.org.br\/?p=921"},"modified":"2019-08-25T22:50:05","modified_gmt":"2019-08-26T01:50:05","slug":"comite-lago-guaiba-com-pauta-consistente","status":"publish","type":"post","link":"https:\/\/miraserra.org.br\/index.php\/2019\/03\/19\/comite-lago-guaiba-com-pauta-consistente\/","title":{"rendered":"COMIT\u00ca LAGO GUA\u00cdBA COM PAUTA CONSISTENTE"},"content":{"rendered":"\n<p>A MIRA-SERRA participou da 117a. reuni\u00e3o do Comit\u00ea de<br> Gerenciamento da Bacia Hidrogr\u00e1fica do Lago Gua\u00edba, atrav\u00e9s da  conselheira Gelcira Teles.<br> Realizada em 19\/3\/19, o encontro teve como pontos de destaque: <\/p>\n\n\n\n<ol class=\"wp-block-list\"><li>Apresenta\u00e7\u00e3o do projeto de Conserva\u00e7\u00e3o de Nascentes da Escola<br> T\u00e9cnica Santo In\u00e1cio;<\/li><li> Apresenta\u00e7\u00e3o GT Arroio Taquara\/Lomba do Pinheiro por Alex E.  Lamas da Vigil\u00e2ncia Sanit\u00e1ria; <\/li><li> Apresenta\u00e7\u00e3o da tese \u201cImpactos do ambiente urbano na  polui\u00e7\u00e3o dos sedimentos do Lago Gua\u00edba\u201d de Leonardo Capeleto de Andrade <\/li><li><\/li><\/ol>\n\n\n\n<p>4.MIRA-SERRA e AMA solicitaram, em \u201cassuntos gerais\u201d, a inclus\u00e3o  do projeto de minera\u00e7\u00e3o de carv\u00e3o, em Eldorado do Sul, para a  pr\u00f3xima reuni\u00e3o. O tema \u00e9 de m\u00e1xima import\u00e2ncia, devido aos  significativos <\/p>\n\n\n\n<p>impactos s\u00f3cio-ambientais. As consequ\u00eancias do<br> ocorrido em Mariana\/Brumadinho n\u00e3o podem ser ignoradas.  Veja mais sobre os impactos ocioambientais do projeto de  minera\u00e7\u00e3o em: <\/p>\n\n\n\n<p><a href=\"https:\/\/anacarolinapontolivre.wordpress.com\/2019\/03\/13\/oficio-do-cerbma-rs-sobre-mineracao-de-carvao-projeto-guaiba-copelmi-audiencia-publica-quinta-18-h-charqueadas-importante\/\" target=\"_blank\" rel=\"noreferrer noopener\" aria-label=\"Minera\u00e7\u00e3o de carv\u00e3o \u2013 Projeto Gua\u00edba\/ Copelmi. Audi\u00eancia  Publica, quinta, 18 h, Charqueadas \u2013 Atualiza\u00e7\u00f5es (abre numa nova aba)\">Minera\u00e7\u00e3o de carv\u00e3o \u2013 Projeto Gua\u00edba\/ Copelmi. Audi\u00eancia  Publica, quinta, 18 h, Charqueadas \u2013 Atualiza\u00e7\u00f5es<\/a><\/p>\n\n\n\n<ul class=\"wp-block-gallery columns-3 is-cropped wp-block-gallery-1 is-layout-flex wp-block-gallery-is-layout-flex\"><li class=\"blocks-gallery-item\"><figure><img loading=\"lazy\" decoding=\"async\" width=\"800\" height=\"445\" src=\"http:\/\/miraserra.org.br\/wp-content\/uploads\/2019\/07\/73422d9c-224b-4ad6-a3ef-7e357e7393ec-800x445.jpg\" alt=\"\" data-id=\"923\" data-link=\"http:\/\/miraserra.org.br\/index.php\/2019\/07\/18\/comite-lago-guaiba-com-pauta-consistente\/73422d9c-224b-4ad6-a3ef-7e357e7393ec-800x445\/\" class=\"wp-image-923\" srcset=\"https:\/\/miraserra.org.br\/wp-content\/uploads\/2019\/07\/73422d9c-224b-4ad6-a3ef-7e357e7393ec-800x445.jpg 800w, https:\/\/miraserra.org.br\/wp-content\/uploads\/2019\/07\/73422d9c-224b-4ad6-a3ef-7e357e7393ec-800x445-300x167.jpg 300w, https:\/\/miraserra.org.br\/wp-content\/uploads\/2019\/07\/73422d9c-224b-4ad6-a3ef-7e357e7393ec-800x445-768x427.jpg 768w\" sizes=\"auto, (max-width: 800px) 100vw, 800px\" \/><\/figure><\/li><li class=\"blocks-gallery-item\"><figure><img loading=\"lazy\" decoding=\"async\" width=\"300\" height=\"169\" src=\"http:\/\/miraserra.org.br\/wp-content\/uploads\/2019\/07\/54377022_2586169884730484_5559323019886723072_n-300x169.jpg\" alt=\"\" data-id=\"924\" data-link=\"http:\/\/miraserra.org.br\/index.php\/2019\/07\/18\/comite-lago-guaiba-com-pauta-consistente\/54377022_2586169884730484_5559323019886723072_n-300x169\/\" class=\"wp-image-924\"\/><\/figure><\/li><li class=\"blocks-gallery-item\"><figure><img loading=\"lazy\" decoding=\"async\" width=\"300\" height=\"225\" src=\"http:\/\/miraserra.org.br\/wp-content\/uploads\/2019\/07\/54425415_2586169914730481_1154024512338001920_n-300x225.jpg\" alt=\"\" data-id=\"925\" data-link=\"http:\/\/miraserra.org.br\/index.php\/2019\/07\/18\/comite-lago-guaiba-com-pauta-consistente\/54425415_2586169914730481_1154024512338001920_n-300x225\/\" class=\"wp-image-925\"\/><\/figure><\/li><li class=\"blocks-gallery-item\"><figure><img loading=\"lazy\" decoding=\"async\" width=\"300\" height=\"169\" src=\"http:\/\/miraserra.org.br\/wp-content\/uploads\/2019\/07\/54525464_2586169841397155_8855530773969633280_n-300x169.jpg\" alt=\"\" data-id=\"926\" data-link=\"http:\/\/miraserra.org.br\/index.php\/2019\/07\/18\/comite-lago-guaiba-com-pauta-consistente\/54525464_2586169841397155_8855530773969633280_n-300x169\/\" class=\"wp-image-926\"\/><\/figure><\/li><\/ul>\n\n\n\n<ol class=\"wp-block-list\"><li><\/li><\/ol>\n","protected":false},"excerpt":{"rendered":"<p>A MIRA-SERRA participou da 117a. reuni\u00e3o do Comit\u00ea de Gerenciamento da Bacia Hidrogr\u00e1fica do Lago Gua\u00edba, atrav\u00e9s da conselheira Gelcira<\/p>\n","protected":false},"author":1,"featured_media":923,"comment_status":"closed","ping_status":"closed","sticky":false,"template":"","format":"standard","meta":{"colormag_page_container_layout":"default_layout","colormag_page_sidebar_layout":"default_layout","_themeisle_gutenberg_block_has_review":false,"footnotes":""},"categories":[59],"tags":[],"class_list":["post-921","post","type-post","status-publish","format-standard","has-post-thumbnail","hentry","category-comites-de-bacia-hidrografica"],"_links":{"self":[{"href":"https:\/\/miraserra.org.br\/index.php\/wp-json\/wp\/v2\/posts\/921","targetHints":{"allow":["GET"]}}],"collection":[{"href":"https:\/\/miraserra.org.br\/index.php\/wp-json\/wp\/v2\/posts"}],"about":[{"href":"https:\/\/miraserra.org.br\/index.php\/wp-json\/wp\/v2\/types\/post"}],"author":[{"embeddable":true,"href":"https:\/\/miraserra.org.br\/index.php\/wp-json\/wp\/v2\/users\/1"}],"replies":[{"embeddable":true,"href":"https:\/\/miraserra.org.br\/index.php\/wp-json\/wp\/v2\/comments?post=921"}],"version-history":[{"count":2,"href":"https:\/\/miraserra.org.br\/index.php\/wp-json\/wp\/v2\/posts\/921\/revisions"}],"predecessor-version":[{"id":927,"href":"https:\/\/miraserra.org.br\/index.php\/wp-json\/wp\/v2\/posts\/921\/revisions\/927"}],"wp:featuredmedia":[{"embeddable":true,"href":"https:\/\/miraserra.org.br\/index.php\/wp-json\/wp\/v2\/media\/923"}],"wp:attachment":[{"href":"https:\/\/miraserra.org.br\/index.php\/wp-json\/wp\/v2\/media?parent=921"}],"wp:term":[{"taxonomy":"category","embeddable":true,"href":"https:\/\/miraserra.org.br\/index.php\/wp-json\/wp\/v2\/categories?post=921"},{"taxonomy":"post_tag","embeddable":true,"href":"https:\/\/miraserra.org.br\/index.php\/wp-json\/wp\/v2\/tags?post=921"}],"curies":[{"name":"wp","href":"https:\/\/api.w.org\/{rel}","templated":true}]}}