{"id":928,"date":"2019-02-19T22:31:10","date_gmt":"2019-02-20T01:31:10","guid":{"rendered":"http:\/\/miraserra.org.br\/?p=928"},"modified":"2019-08-25T22:49:52","modified_gmt":"2019-08-26T01:49:52","slug":"consema-sob-nova-presidencia","status":"publish","type":"post","link":"https:\/\/miraserra.org.br\/index.php\/2019\/02\/19\/consema-sob-nova-presidencia\/","title":{"rendered":"CONSEMA SOB NOVA PRESID\u00caNCIA"},"content":{"rendered":"\n<p>A primeira reuni\u00e3o ordin\u00e1ria convocada pelo Conselho<br> Estadual do Meio Ambiente em 2019 (14\/2) teve<br> cancelamento por problemas com a eletricidade no<br> pr\u00e9dio. Deste modo, a pauta foi transferida para a<br> reuni\u00e3o extraordin\u00e1ria que ocorreu no dia 19 de fevereiro. <\/p>\n\n\n\n<p>O novo presidente, Paulo Pereira, se apresentou como secret\u00e1rio  adjunto da Secretaria Estadual do Meio Ambiente e Infraestrutura \u2013  e egresso da pasta de Minas e Energia. Elogiou os avan\u00e7os do CONSEMA.<br> Duas das entidades ambientalistas, entre outros conselheiros, se  manifestaram:<br> O InGA (suplente da IGR\u00c9) entregou documento intitulado  \u201cContribui\u00e7\u00e3o para superarmos o Apag\u00e3o Ambiental e a  insustentabilidade ecol\u00f3gica no Rio Grande do Sul\u201d. <\/p>\n\n\n\n<p>A MIRA-SERRA, de modo complementar, repassou ao<br> presidente do CONSEMA duas publica\u00e7\u00f5es b\u00e1sicas<br> para o exerc\u00edcio da fun\u00e7\u00e3o na SEMA: \u201cMapeamentos para a conserva\u00e7\u00e3o e recupera\u00e7\u00e3o da biodiversidade na<br> Mata Atl\u00e2ntica: em busca de uma estrat\u00e9gia espacial<br> integradora para orientar a\u00e7\u00f5es aplicadas\u201d e \u201c\u00c1reas de<br> Preserva\u00e7\u00e3o Permanente e Unidades de de Conserva\u00e7\u00e3o X Risco\u201d (ambas publicadas pelo MMA), al\u00e9m dos impressos de divulga\u00e7\u00e3o da ONG e da RPPN MIRA-SERRA. O material permaneceu sobre a mesa.<br> Foram aprovados o Relat\u00f3rio Anual 2018 bem como a Altera\u00e7\u00e3o nas C\u00e2maras T\u00e9cnicas Permanentes do CONSEMA e suas composi\u00e7\u00f5es. Quanto \u00e0 revoga\u00e7\u00e3o da Resolu\u00e7\u00e3o CONSEMA n\u00ba 275\/2012, a plen\u00e1ria aprovou o encaminhamento da mat\u00e9ria para a C\u00e2mara <\/p>\n\n\n\n<p>VEJA MAIS EM:<br> Sintese da 44\u00c2\u00aa Reuni\u00c3\u00a3o Extraordin\u00c3\u00a1ria do CONSEMA 19.02.2019<\/p>\n\n\n\n<div class=\"wp-block-image\"><figure class=\"alignleft is-resized\"><img loading=\"lazy\" decoding=\"async\" src=\"http:\/\/miraserra.org.br\/wp-content\/uploads\/2019\/07\/52654464_373942213156460_30884289486782464_n.jpg\" alt=\"\" class=\"wp-image-931\" width=\"289\" height=\"594\" srcset=\"https:\/\/miraserra.org.br\/wp-content\/uploads\/2019\/07\/52654464_373942213156460_30884289486782464_n.jpg 368w, https:\/\/miraserra.org.br\/wp-content\/uploads\/2019\/07\/52654464_373942213156460_30884289486782464_n-146x300.jpg 146w\" sizes=\"auto, (max-width: 289px) 100vw, 289px\" \/><\/figure><\/div>\n\n\n\n<p>As entidades ambientalistas da APEDeMA-RS est\u00e3o preocupadas com a fus\u00e3o do Meio Ambiente \u00e0 infraestrutura. Como o \u00f3rg\u00e3o licenciador de atividades\/empreendimentos com potencial impacto ambiental poder\u00e1 analisar requerimentos de obras demandados pela pr\u00f3pria Secretaria? Quest\u00f5es como esta ser\u00e3o tema de reuni\u00e3o destas ONGs para adequado encaminhamento.<\/p>\n","protected":false},"excerpt":{"rendered":"<p>A primeira reuni\u00e3o ordin\u00e1ria convocada pelo Conselho Estadual do Meio Ambiente em 2019 (14\/2) teve cancelamento por problemas com a<\/p>\n","protected":false},"author":1,"featured_media":930,"comment_status":"closed","ping_status":"closed","sticky":false,"template":"","format":"standard","meta":{"colormag_page_container_layout":"default_layout","colormag_page_sidebar_layout":"default_layout","_themeisle_gutenberg_block_has_review":false,"footnotes":""},"categories":[58],"tags":[],"class_list":["post-928","post","type-post","status-publish","format-standard","has-post-thumbnail","hentry","category-consema-rs"],"_links":{"self":[{"href":"https:\/\/miraserra.org.br\/index.php\/wp-json\/wp\/v2\/posts\/928","targetHints":{"allow":["GET"]}}],"collection":[{"href":"https:\/\/miraserra.org.br\/index.php\/wp-json\/wp\/v2\/posts"}],"about":[{"href":"https:\/\/miraserra.org.br\/index.php\/wp-json\/wp\/v2\/types\/post"}],"author":[{"embeddable":true,"href":"https:\/\/miraserra.org.br\/index.php\/wp-json\/wp\/v2\/users\/1"}],"replies":[{"embeddable":true,"href":"https:\/\/miraserra.org.br\/index.php\/wp-json\/wp\/v2\/comments?post=928"}],"version-history":[{"count":2,"href":"https:\/\/miraserra.org.br\/index.php\/wp-json\/wp\/v2\/posts\/928\/revisions"}],"predecessor-version":[{"id":932,"href":"https:\/\/miraserra.org.br\/index.php\/wp-json\/wp\/v2\/posts\/928\/revisions\/932"}],"wp:featuredmedia":[{"embeddable":true,"href":"https:\/\/miraserra.org.br\/index.php\/wp-json\/wp\/v2\/media\/930"}],"wp:attachment":[{"href":"https:\/\/miraserra.org.br\/index.php\/wp-json\/wp\/v2\/media?parent=928"}],"wp:term":[{"taxonomy":"category","embeddable":true,"href":"https:\/\/miraserra.org.br\/index.php\/wp-json\/wp\/v2\/categories?post=928"},{"taxonomy":"post_tag","embeddable":true,"href":"https:\/\/miraserra.org.br\/index.php\/wp-json\/wp\/v2\/tags?post=928"}],"curies":[{"name":"wp","href":"https:\/\/api.w.org\/{rel}","templated":true}]}}