{"id":933,"date":"2019-01-31T22:37:57","date_gmt":"2019-02-01T00:37:57","guid":{"rendered":"http:\/\/miraserra.org.br\/?p=933"},"modified":"2019-07-18T22:44:11","modified_gmt":"2019-07-19T01:44:11","slug":"salve-a-data","status":"publish","type":"post","link":"https:\/\/miraserra.org.br\/index.php\/2019\/01\/31\/salve-a-data\/","title":{"rendered":"SALVE A DATA!"},"content":{"rendered":"\n<figure class=\"wp-block-video\"><video height=\"864\" style=\"aspect-ratio: 1152 \/ 864;\" width=\"1152\" controls src=\"http:\/\/miraserra.org.br\/wp-content\/uploads\/2019\/07\/DIA-RPPN-RS_M\u00e9dio.mp4\"><\/video><\/figure>\n\n\n\n<p>REUNI\u00c3O COMEMORATIVA DO DIA NACIONAL DAS RPPNs<br> O Dia Nacional das Reservas Particulares do Patrim\u00f4nio Natural (RPPNs) foi institu\u00eddo pela Lei 13.544\/2017, sendo comemorada em 31 de janeiro.<br> Criadas pela iniciativa de propriet\u00e1rios particulares, as RPPNs t\u00eam como principal caracter\u00edstica a conserva\u00e7\u00e3o da diversidade biol\u00f3gica. Essas \u00e1reas s\u00e3o gravadas com perpetuidade, na matr\u00edcula do im\u00f3vel.<br> As RPPNs s\u00e3o Unidades de Conserva\u00e7\u00e3o, previstas na Lei 9.985\/2000, que instituiu o Sistema Nacional de Unidades de Conserva\u00e7\u00e3o (SNUC). Data:31\/1\/2019<br> Local: Sala do Conselho Pal\u00e1cio do MP, localizada na Pra\u00e7a Marechal Deodoro, n\u00ba 110 \u2013 Centro, Porto Alegre<br> P\u00fablico alvo: Propriet\u00e1rios de RPPN e seus convidados; interessados em criar Unidade de Conserva\u00e7\u00e3o privada<\/p>\n\n\n\n<p>PROGRAMA\u00c7\u00c3O<br> 14h Boas-vindas<br> 14h15min Abertura \u2013 Dr. Daniel Martini\/ CAOMA<br> 14h45min Palestra:<br> \u201cA import\u00e2ncia dos Planos de Manejo na Conserva\u00e7\u00e3o da Biodiversidade\u201d \u2013 Bi\u00f3l.MSc. Lisiane Becker\/ Inst. MIRA-SERRA<br> 15h30min Rede Sul de RPPNs \u2013 Adv.Esp. Ana Maria Juliano\/ Associa\u00e7\u00e3o CHARRUA<br> 16h Planejamento de A\u00e7\u00f5es para o ano de 2019.<br> Propostas para inclus\u00e3o no PL1548\/2015 \u2013 Lei das RPPNs.<br> 17h Encerramento<\/p>\n","protected":false},"excerpt":{"rendered":"<p>REUNI\u00c3O COMEMORATIVA DO DIA NACIONAL DAS RPPNs O Dia Nacional das Reservas Particulares do Patrim\u00f4nio Natural (RPPNs) foi institu\u00eddo pela<\/p>\n","protected":false},"author":1,"featured_media":935,"comment_status":"open","ping_status":"open","sticky":false,"template":"","format":"standard","meta":{"colormag_page_container_layout":"default_layout","colormag_page_sidebar_layout":"default_layout","_themeisle_gutenberg_block_has_review":false,"footnotes":""},"categories":[90,26],"tags":[],"class_list":["post-933","post","type-post","status-publish","format-standard","has-post-thumbnail","hentry","category-cn-rppn","category-eventos"],"_links":{"self":[{"href":"https:\/\/miraserra.org.br\/index.php\/wp-json\/wp\/v2\/posts\/933","targetHints":{"allow":["GET"]}}],"collection":[{"href":"https:\/\/miraserra.org.br\/index.php\/wp-json\/wp\/v2\/posts"}],"about":[{"href":"https:\/\/miraserra.org.br\/index.php\/wp-json\/wp\/v2\/types\/post"}],"author":[{"embeddable":true,"href":"https:\/\/miraserra.org.br\/index.php\/wp-json\/wp\/v2\/users\/1"}],"replies":[{"embeddable":true,"href":"https:\/\/miraserra.org.br\/index.php\/wp-json\/wp\/v2\/comments?post=933"}],"version-history":[{"count":3,"href":"https:\/\/miraserra.org.br\/index.php\/wp-json\/wp\/v2\/posts\/933\/revisions"}],"predecessor-version":[{"id":940,"href":"https:\/\/miraserra.org.br\/index.php\/wp-json\/wp\/v2\/posts\/933\/revisions\/940"}],"wp:featuredmedia":[{"embeddable":true,"href":"https:\/\/miraserra.org.br\/index.php\/wp-json\/wp\/v2\/media\/935"}],"wp:attachment":[{"href":"https:\/\/miraserra.org.br\/index.php\/wp-json\/wp\/v2\/media?parent=933"}],"wp:term":[{"taxonomy":"category","embeddable":true,"href":"https:\/\/miraserra.org.br\/index.php\/wp-json\/wp\/v2\/categories?post=933"},{"taxonomy":"post_tag","embeddable":true,"href":"https:\/\/miraserra.org.br\/index.php\/wp-json\/wp\/v2\/tags?post=933"}],"curies":[{"name":"wp","href":"https:\/\/api.w.org\/{rel}","templated":true}]}}