{"id":94,"date":"2019-03-27T04:59:31","date_gmt":"2019-03-27T07:59:31","guid":{"rendered":"http:\/\/demo.themefreesia.com\/magbook\/?p=94"},"modified":"2019-08-25T22:57:20","modified_gmt":"2019-08-26T01:57:20","slug":"one-writers-long-overdue-adventure-with-mechanical-keyboards","status":"publish","type":"post","link":"https:\/\/miraserra.org.br\/index.php\/2019\/03\/27\/one-writers-long-overdue-adventure-with-mechanical-keyboards\/","title":{"rendered":"ENCAMINHADA REPRESENTA\u00c7\u00c3O AO MPF"},"content":{"rendered":"<p>Protocolada Representa\u00e7\u00e3o no Minist\u00e9rio P\u00fablico Federal, para Dra. F\u00e1tima Borghio, referente ao ocorrido por ocasi\u00e3o da 59\u00aa Reuni\u00e3o Extraordin\u00e1ria do Conama, com pedido de provid\u00eancias.<br>A representa\u00e7\u00e3o \u00e9 assinada por 26 institui\u00e7\u00f5es representativas da Sociedade Civil Brasileira. Retrata tamb\u00e9m a preocupa\u00e7\u00e3o sobre a integridade do Conama, conforme est\u00e1 expresso na Manifesta\u00e7\u00e3o protocolada no Conama e assinada por 175 organiza\u00e7\u00f5es da sociedade civil de todo o pa\u00eds.<br>A representa\u00e7\u00e3o foi articulada pelo PROAM \u2013 Instituto Brasileiro de Prote\u00e7\u00e3o Ambiental, eleito como representante na vaga nacional das Entidades Ambientalistas no Conama. Uma Moc\u00e3o em Rep\u00fadio, tamb\u00e9m, foi emitida. Para a presidente do Instituto MIRA-SERRA, bi\u00f3l. Lisiane Becker, <em>\u201cO que ocorreu no Conama n\u00e3o encontra precedentes na inst\u00e2ncia <\/em><em>m\u00e1xima da pol\u00edtica p\u00fablica ambiental brasileira. Jamais se presenciou tamanho constrangimento incluindo agress\u00f5es f\u00edsicas aos conselheiros. O ordenamento consensuado das plen\u00e1rias foi rasgado nesta reuni\u00e3o e faremos tudo para que este deplor\u00e1vel epis\u00f3dio seja um fato isolado na hist\u00f3ria do CONAMA!\u201c<\/em> At\u00e9 a \u00faltima reuni\u00e3o do Conama, em 2018, os conselheiros podiam escolher onde se sentar (foto ao lado). E, at\u00e9 isto, em 2019 n\u00e3o foi facultado aos conselheiros (foto abaixo).<\/p>\n\n\n<ul class=\"wp-block-gallery columns-3 is-cropped wp-block-gallery-1 is-layout-flex wp-block-gallery-is-layout-flex\"><li class=\"blocks-gallery-item\"><figure><img loading=\"lazy\" decoding=\"async\" width=\"225\" height=\"300\" src=\"http:\/\/miraserra.org.br\/wp-content\/uploads\/2019\/07\/55455393_2598185123528960_4922087522567192576_n-225x300.jpg\" alt=\"\" data-id=\"652\" data-link=\"http:\/\/miraserra.org.br\/index.php\/2019\/03\/27\/one-writers-long-overdue-adventure-with-mechanical-keyboards\/55455393_2598185123528960_4922087522567192576_n-225x300\/\" class=\"wp-image-652\"\/><\/figure><\/li><li class=\"blocks-gallery-item\"><figure><img loading=\"lazy\" decoding=\"async\" width=\"800\" height=\"445\" src=\"http:\/\/miraserra.org.br\/wp-content\/uploads\/2019\/07\/55590216_2587036031310536_541185627555627008_n-800x445.jpg\" alt=\"\" data-id=\"653\" data-link=\"http:\/\/miraserra.org.br\/index.php\/2019\/03\/27\/one-writers-long-overdue-adventure-with-mechanical-keyboards\/55590216_2587036031310536_541185627555627008_n-800x445-2\/\" class=\"wp-image-653\" srcset=\"https:\/\/miraserra.org.br\/wp-content\/uploads\/2019\/07\/55590216_2587036031310536_541185627555627008_n-800x445.jpg 800w, https:\/\/miraserra.org.br\/wp-content\/uploads\/2019\/07\/55590216_2587036031310536_541185627555627008_n-800x445-300x167.jpg 300w, https:\/\/miraserra.org.br\/wp-content\/uploads\/2019\/07\/55590216_2587036031310536_541185627555627008_n-800x445-768x427.jpg 768w\" sizes=\"auto, (max-width: 800px) 100vw, 800px\" \/><\/figure><\/li><li class=\"blocks-gallery-item\"><figure><img loading=\"lazy\" decoding=\"async\" width=\"768\" height=\"373\" src=\"http:\/\/miraserra.org.br\/wp-content\/uploads\/2019\/07\/55776282_2587036111310528_3671972492894797824_n-1-768x373.jpg\" alt=\"\" data-id=\"654\" data-link=\"http:\/\/miraserra.org.br\/index.php\/2019\/03\/27\/one-writers-long-overdue-adventure-with-mechanical-keyboards\/55776282_2587036111310528_3671972492894797824_n-1-768x373\/\" class=\"wp-image-654\" srcset=\"https:\/\/miraserra.org.br\/wp-content\/uploads\/2019\/07\/55776282_2587036111310528_3671972492894797824_n-1-768x373.jpg 768w, https:\/\/miraserra.org.br\/wp-content\/uploads\/2019\/07\/55776282_2587036111310528_3671972492894797824_n-1-768x373-300x146.jpg 300w\" sizes=\"auto, (max-width: 768px) 100vw, 768px\" \/><\/figure><\/li><li class=\"blocks-gallery-item\"><figure><img loading=\"lazy\" decoding=\"async\" width=\"201\" height=\"300\" src=\"http:\/\/miraserra.org.br\/wp-content\/uploads\/2019\/07\/55782423_637306790033255_5977466703519416320_n-201x300.jpg\" alt=\"\" data-id=\"655\" data-link=\"http:\/\/miraserra.org.br\/index.php\/2019\/03\/27\/one-writers-long-overdue-adventure-with-mechanical-keyboards\/55782423_637306790033255_5977466703519416320_n-201x300\/\" class=\"wp-image-655\"\/><\/figure><\/li><li class=\"blocks-gallery-item\"><figure><img loading=\"lazy\" decoding=\"async\" width=\"145\" height=\"300\" src=\"http:\/\/miraserra.org.br\/wp-content\/uploads\/2019\/07\/55847268_700642110332583_3358180090599964672_n-145x300.jpg\" alt=\"\" data-id=\"656\" data-link=\"http:\/\/miraserra.org.br\/index.php\/2019\/03\/27\/one-writers-long-overdue-adventure-with-mechanical-keyboards\/55847268_700642110332583_3358180090599964672_n-145x300\/\" class=\"wp-image-656\"\/><\/figure><\/li><\/ul>\n","protected":false},"excerpt":{"rendered":"<p>Protocolada Representa\u00e7\u00e3o no Minist\u00e9rio P\u00fablico Federal, para Dra. F\u00e1tima Borghio, referente ao ocorrido por ocasi\u00e3o da 59\u00aa Reuni\u00e3o Extraordin\u00e1ria do<\/p>\n","protected":false},"author":1,"featured_media":651,"comment_status":"closed","ping_status":"closed","sticky":false,"template":"","format":"standard","meta":{"colormag_page_container_layout":"default_layout","colormag_page_sidebar_layout":"default_layout","_themeisle_gutenberg_block_has_review":false,"footnotes":""},"categories":[56,73,60],"tags":[],"class_list":["post-94","post","type-post","status-publish","format-standard","has-post-thumbnail","hentry","category-conama","category-noticias","category-principais"],"_links":{"self":[{"href":"https:\/\/miraserra.org.br\/index.php\/wp-json\/wp\/v2\/posts\/94","targetHints":{"allow":["GET"]}}],"collection":[{"href":"https:\/\/miraserra.org.br\/index.php\/wp-json\/wp\/v2\/posts"}],"about":[{"href":"https:\/\/miraserra.org.br\/index.php\/wp-json\/wp\/v2\/types\/post"}],"author":[{"embeddable":true,"href":"https:\/\/miraserra.org.br\/index.php\/wp-json\/wp\/v2\/users\/1"}],"replies":[{"embeddable":true,"href":"https:\/\/miraserra.org.br\/index.php\/wp-json\/wp\/v2\/comments?post=94"}],"version-history":[{"count":5,"href":"https:\/\/miraserra.org.br\/index.php\/wp-json\/wp\/v2\/posts\/94\/revisions"}],"predecessor-version":[{"id":685,"href":"https:\/\/miraserra.org.br\/index.php\/wp-json\/wp\/v2\/posts\/94\/revisions\/685"}],"wp:featuredmedia":[{"embeddable":true,"href":"https:\/\/miraserra.org.br\/index.php\/wp-json\/wp\/v2\/media\/651"}],"wp:attachment":[{"href":"https:\/\/miraserra.org.br\/index.php\/wp-json\/wp\/v2\/media?parent=94"}],"wp:term":[{"taxonomy":"category","embeddable":true,"href":"https:\/\/miraserra.org.br\/index.php\/wp-json\/wp\/v2\/categories?post=94"},{"taxonomy":"post_tag","embeddable":true,"href":"https:\/\/miraserra.org.br\/index.php\/wp-json\/wp\/v2\/tags?post=94"}],"curies":[{"name":"wp","href":"https:\/\/api.w.org\/{rel}","templated":true}]}}