{"id":963,"date":"2018-11-24T19:59:32","date_gmt":"2018-11-24T21:59:32","guid":{"rendered":"http:\/\/miraserra.org.br\/?p=963"},"modified":"2019-07-28T15:10:55","modified_gmt":"2019-07-28T18:10:55","slug":"eleicao-na-mira-serra","status":"publish","type":"post","link":"https:\/\/miraserra.org.br\/index.php\/2018\/11\/24\/eleicao-na-mira-serra\/","title":{"rendered":"ELEI\u00c7\u00c3O NA MIRA-SERRA"},"content":{"rendered":"\n<p>A intensa chuva prejudicou, mas n\u00e3o impediu, os trabalhos na MIRA-SERRA durante o s\u00e1bado.<br> A sala Ad\u00e3o Pretto, da Assembleia Legislativa-RS, esteve adornada com os v\u00e1rios banners e folders ilustrando algumas atividades cient\u00edficas da ONG. A apresenta\u00e7\u00e3o institucional, para convidados externos, foi realizada no turno da manh\u00e3. A coordenadora- presidente, Lisiane Becker e a associada Aline Bettio, discorreram sobre o hist\u00f3rico dos 18 anos na ONG,<br> utilizando como cen\u00e1rio a participa\u00e7\u00e3o em colegiados e coletivos (regionais, estaduais e nacionais). Tamb\u00e9m foram relatadas as A\u00e7\u00f5es Civis P\u00fablicas impetradas pela<br> entidade ambientalista. Esta atividade, in\u00e9dita dentro da ONG, visa interagir com p\u00fablico diverso daquele j\u00e1 mobilizado pela conserva\u00e7\u00e3o ambiental. Os participantes receber\u00e3o certificado de presen\u00e7a.<br> Na tarde, a coordena\u00e7\u00e3o do Instituto MIRA-SERRA, em Assembleia Geral Extraordin\u00e1ria, apresentou o balancete do per\u00edodo, fez um retrospecto desde a cria\u00e7\u00e3o da ONG e sua evolu\u00e7\u00e3o na luta pela preserva\u00e7\u00e3o\/conserva\u00e7\u00e3o do ambiente natural e exp\u00f4s as dificuldades encontradas. Neste ano, a entidade completou 18 anos de exist\u00eancia, em um cen\u00e1rio nacional em que as ONGs duram em m\u00e9dia 7 anos e num pa\u00eds que det\u00eam o maior \u00edndice de ambientalistas assassinados do mundo! Com a vinda de associados de outros munic\u00edpios e a participa\u00e7\u00e3o de novos, os desafios  lan\u00e7ados receberam excelentes propostas e qualificaram o debate. Por  fim, m, houve um destaque feito pela coordenadora-executiva, jorn.Gelcira Teles, \u00e0 mem\u00f3ria da associada Irene Becker \u2013 falecida em outubro passado. A g Juliana Young, tamb\u00e9m da coordena\u00e7\u00e3o, prop\u00f4s que se pense em um t\u00edtulo honor\u00edfico. findo a Assembl\u00e9ia Geral Ordin\u00e1ria, teve in\u00edcio a Extraordin\u00e1ria, com elei\u00e7\u00e3o para coordena\u00e7\u00e3o e conselho fscal, bi\u00eanio 2018-2022. <\/p>\n\n\n\n<p>Foram eleitas: bi\u00f3l. Lisiane Becker, como coordenadora-presidente, bem como Soci\u00f3l. Aline Bettio e Adv. Cl\u00e1udia G. Ribeiro, para coordena\u00e7\u00e3o-executiva. Igualmente, aprovados os nomes da biol. Vera Lucia Pitoni, da banc\u00e1ria aposentada Iara Ximenes e da aposentada na enfermagem, Janete Keim.<\/p>\n\n\n\n<ul class=\"wp-block-gallery columns-3 is-cropped wp-block-gallery-1 is-layout-flex wp-block-gallery-is-layout-flex\"><li class=\"blocks-gallery-item\"><figure><img loading=\"lazy\" decoding=\"async\" width=\"768\" height=\"576\" src=\"http:\/\/miraserra.org.br\/wp-content\/uploads\/2019\/07\/46722203_966276176896579_995175915694587904_n-768x576.jpg\" alt=\"\" data-id=\"968\" data-link=\"http:\/\/miraserra.org.br\/index.php\/2019\/07\/20\/eleicao-na-mira-serra\/46722203_966276176896579_995175915694587904_n-768x576\/\" class=\"wp-image-968\" srcset=\"https:\/\/miraserra.org.br\/wp-content\/uploads\/2019\/07\/46722203_966276176896579_995175915694587904_n-768x576.jpg 768w, https:\/\/miraserra.org.br\/wp-content\/uploads\/2019\/07\/46722203_966276176896579_995175915694587904_n-768x576-300x225.jpg 300w\" sizes=\"auto, (max-width: 768px) 100vw, 768px\" \/><\/figure><\/li><li class=\"blocks-gallery-item\"><figure><img loading=\"lazy\" decoding=\"async\" width=\"768\" height=\"273\" src=\"http:\/\/miraserra.org.br\/wp-content\/uploads\/2019\/07\/close-768x273.jpg\" alt=\"\" data-id=\"969\" data-link=\"http:\/\/miraserra.org.br\/index.php\/2019\/07\/20\/eleicao-na-mira-serra\/close-768x273\/\" class=\"wp-image-969\" srcset=\"https:\/\/miraserra.org.br\/wp-content\/uploads\/2019\/07\/close-768x273.jpg 768w, https:\/\/miraserra.org.br\/wp-content\/uploads\/2019\/07\/close-768x273-300x107.jpg 300w\" sizes=\"auto, (max-width: 768px) 100vw, 768px\" \/><\/figure><\/li><li class=\"blocks-gallery-item\"><figure><img loading=\"lazy\" decoding=\"async\" width=\"800\" height=\"445\" src=\"http:\/\/miraserra.org.br\/wp-content\/uploads\/2019\/07\/IMG-20180414-WA0008-800x445-1.jpg\" alt=\"\" data-id=\"970\" data-link=\"http:\/\/miraserra.org.br\/index.php\/2019\/07\/20\/eleicao-na-mira-serra\/img-20180414-wa0008-800x445-1\/\" class=\"wp-image-970\" srcset=\"https:\/\/miraserra.org.br\/wp-content\/uploads\/2019\/07\/IMG-20180414-WA0008-800x445-1.jpg 800w, https:\/\/miraserra.org.br\/wp-content\/uploads\/2019\/07\/IMG-20180414-WA0008-800x445-1-300x167.jpg 300w, https:\/\/miraserra.org.br\/wp-content\/uploads\/2019\/07\/IMG-20180414-WA0008-800x445-1-768x427.jpg 768w\" sizes=\"auto, (max-width: 800px) 100vw, 800px\" \/><\/figure><\/li><\/ul>\n","protected":false},"excerpt":{"rendered":"<p>A intensa chuva prejudicou, mas n\u00e3o impediu, os trabalhos na MIRA-SERRA durante o s\u00e1bado. A sala Ad\u00e3o Pretto, da Assembleia<\/p>\n","protected":false},"author":1,"featured_media":965,"comment_status":"closed","ping_status":"closed","sticky":false,"template":"","format":"standard","meta":{"colormag_page_container_layout":"default_layout","colormag_page_sidebar_layout":"default_layout","_themeisle_gutenberg_block_has_review":false,"footnotes":""},"categories":[85],"tags":[],"class_list":["post-963","post","type-post","status-publish","format-standard","has-post-thumbnail","hentry","category-a-mira-serra"],"_links":{"self":[{"href":"https:\/\/miraserra.org.br\/index.php\/wp-json\/wp\/v2\/posts\/963","targetHints":{"allow":["GET"]}}],"collection":[{"href":"https:\/\/miraserra.org.br\/index.php\/wp-json\/wp\/v2\/posts"}],"about":[{"href":"https:\/\/miraserra.org.br\/index.php\/wp-json\/wp\/v2\/types\/post"}],"author":[{"embeddable":true,"href":"https:\/\/miraserra.org.br\/index.php\/wp-json\/wp\/v2\/users\/1"}],"replies":[{"embeddable":true,"href":"https:\/\/miraserra.org.br\/index.php\/wp-json\/wp\/v2\/comments?post=963"}],"version-history":[{"count":5,"href":"https:\/\/miraserra.org.br\/index.php\/wp-json\/wp\/v2\/posts\/963\/revisions"}],"predecessor-version":[{"id":972,"href":"https:\/\/miraserra.org.br\/index.php\/wp-json\/wp\/v2\/posts\/963\/revisions\/972"}],"wp:featuredmedia":[{"embeddable":true,"href":"https:\/\/miraserra.org.br\/index.php\/wp-json\/wp\/v2\/media\/965"}],"wp:attachment":[{"href":"https:\/\/miraserra.org.br\/index.php\/wp-json\/wp\/v2\/media?parent=963"}],"wp:term":[{"taxonomy":"category","embeddable":true,"href":"https:\/\/miraserra.org.br\/index.php\/wp-json\/wp\/v2\/categories?post=963"},{"taxonomy":"post_tag","embeddable":true,"href":"https:\/\/miraserra.org.br\/index.php\/wp-json\/wp\/v2\/tags?post=963"}],"curies":[{"name":"wp","href":"https:\/\/api.w.org\/{rel}","templated":true}]}}