{"id":973,"date":"2018-11-13T20:06:53","date_gmt":"2018-11-13T22:06:53","guid":{"rendered":"http:\/\/miraserra.org.br\/?p=973"},"modified":"2019-07-20T20:09:15","modified_gmt":"2019-07-20T23:09:15","slug":"cerbma-rs-tem-sigbio-na-pauta","status":"publish","type":"post","link":"https:\/\/miraserra.org.br\/index.php\/2018\/11\/13\/cerbma-rs-tem-sigbio-na-pauta\/","title":{"rendered":"CERBMA-RS tem SIGBIO na pauta"},"content":{"rendered":"\n<p>Pauta principal, do Comit\u00ea Estadual da Reserva da Biosfera da Mata Atl\u00e2ntica, trouxe equipe da SEMA-RS para apresentar o SIGBIO, em 13\/11\/18. A representante da MIRA-SERRA salientou a import\u00e2ncia deste sistema, que se unido ao trabalho de identifica\u00e7\u00e3o de fragmentos do bioma nos munic\u00edpios, consistiria numa extraordin\u00e1ria ferramenta para a conserva\u00e7\u00e3o ambiental Em assuntos gerais, a MIRA-SERRA, trouxe informa\u00e7\u00f5es: <\/p>\n\n\n\n<p>1) situa\u00e7\u00e3o nos parques Nacionais Serra Geral\/Aparados da Serra \u2013 questionamentos n\u00e3o s\u00e3o respondidos e a\u00e7\u00e3o jur\u00eddica da entidade <\/p>\n\n\n\n<p> 2) ONG comemora avan\u00e7o na proposta de cria\u00e7\u00e3o de Ref\u00fagio da Vida Silvestre, com a conforma\u00e7\u00e3o da poligonal preliminar. Os estudos iniciais foram protocolados em 2005\u2026<br>3) elei\u00e7\u00e3o da entidade para a C\u00e2mara Consultiva Nacional de Convers\u00e3o de Multas Ambientais\/Ibama e para o Conselho deliberativo do Fundo Nacional do Meio Ambiente \u2013 onde a representante Lisiane Becker, recebeu homenagem em outubro :<br> (http:\/\/miraserra.org.br\/cd-fnma-realiza-homenagem-inedita\/)<\/p>\n\n\n\n<ul class=\"wp-block-gallery columns-2 is-cropped wp-block-gallery-1 is-layout-flex wp-block-gallery-is-layout-flex\"><li class=\"blocks-gallery-item\"><figure><img loading=\"lazy\" decoding=\"async\" width=\"800\" height=\"445\" src=\"http:\/\/miraserra.org.br\/wp-content\/uploads\/2019\/07\/cerbma-all-800x445.jpg\" alt=\"\" data-id=\"976\" data-link=\"http:\/\/miraserra.org.br\/index.php\/2018\/11\/13\/cerbma-rs-tem-sigbio-na-pauta\/cerbma-all-800x445-2\/\" class=\"wp-image-976\" srcset=\"https:\/\/miraserra.org.br\/wp-content\/uploads\/2019\/07\/cerbma-all-800x445.jpg 800w, https:\/\/miraserra.org.br\/wp-content\/uploads\/2019\/07\/cerbma-all-800x445-300x167.jpg 300w, https:\/\/miraserra.org.br\/wp-content\/uploads\/2019\/07\/cerbma-all-800x445-768x427.jpg 768w\" sizes=\"auto, (max-width: 800px) 100vw, 800px\" \/><\/figure><\/li><li class=\"blocks-gallery-item\"><figure><img loading=\"lazy\" decoding=\"async\" width=\"768\" height=\"576\" src=\"http:\/\/miraserra.org.br\/wp-content\/uploads\/2019\/07\/cerbma-sigbio-768x576.jpg\" alt=\"\" data-id=\"977\" data-link=\"http:\/\/miraserra.org.br\/index.php\/2018\/11\/13\/cerbma-rs-tem-sigbio-na-pauta\/cerbma-sigbio-768x576\/\" class=\"wp-image-977\" srcset=\"https:\/\/miraserra.org.br\/wp-content\/uploads\/2019\/07\/cerbma-sigbio-768x576.jpg 768w, https:\/\/miraserra.org.br\/wp-content\/uploads\/2019\/07\/cerbma-sigbio-768x576-300x225.jpg 300w\" sizes=\"auto, (max-width: 768px) 100vw, 768px\" \/><\/figure><\/li><\/ul>\n","protected":false},"excerpt":{"rendered":"<p>Pauta principal, do Comit\u00ea Estadual da Reserva da Biosfera da Mata Atl\u00e2ntica, trouxe equipe da SEMA-RS para apresentar o SIGBIO,<\/p>\n","protected":false},"author":1,"featured_media":975,"comment_status":"open","ping_status":"open","sticky":false,"template":"","format":"standard","meta":{"colormag_page_container_layout":"default_layout","colormag_page_sidebar_layout":"default_layout","_themeisle_gutenberg_block_has_review":false,"footnotes":""},"categories":[50,35],"tags":[],"class_list":["post-973","post","type-post","status-publish","format-standard","has-post-thumbnail","hentry","category-cerbma","category-parnas"],"_links":{"self":[{"href":"https:\/\/miraserra.org.br\/index.php\/wp-json\/wp\/v2\/posts\/973","targetHints":{"allow":["GET"]}}],"collection":[{"href":"https:\/\/miraserra.org.br\/index.php\/wp-json\/wp\/v2\/posts"}],"about":[{"href":"https:\/\/miraserra.org.br\/index.php\/wp-json\/wp\/v2\/types\/post"}],"author":[{"embeddable":true,"href":"https:\/\/miraserra.org.br\/index.php\/wp-json\/wp\/v2\/users\/1"}],"replies":[{"embeddable":true,"href":"https:\/\/miraserra.org.br\/index.php\/wp-json\/wp\/v2\/comments?post=973"}],"version-history":[{"count":2,"href":"https:\/\/miraserra.org.br\/index.php\/wp-json\/wp\/v2\/posts\/973\/revisions"}],"predecessor-version":[{"id":978,"href":"https:\/\/miraserra.org.br\/index.php\/wp-json\/wp\/v2\/posts\/973\/revisions\/978"}],"wp:featuredmedia":[{"embeddable":true,"href":"https:\/\/miraserra.org.br\/index.php\/wp-json\/wp\/v2\/media\/975"}],"wp:attachment":[{"href":"https:\/\/miraserra.org.br\/index.php\/wp-json\/wp\/v2\/media?parent=973"}],"wp:term":[{"taxonomy":"category","embeddable":true,"href":"https:\/\/miraserra.org.br\/index.php\/wp-json\/wp\/v2\/categories?post=973"},{"taxonomy":"post_tag","embeddable":true,"href":"https:\/\/miraserra.org.br\/index.php\/wp-json\/wp\/v2\/tags?post=973"}],"curies":[{"name":"wp","href":"https:\/\/api.w.org\/{rel}","templated":true}]}}