{"id":979,"date":"2018-11-08T20:13:44","date_gmt":"2018-11-08T22:13:44","guid":{"rendered":"http:\/\/miraserra.org.br\/?p=979"},"modified":"2019-07-20T20:15:04","modified_gmt":"2019-07-20T23:15:04","slug":"eleicoes-no-conama","status":"publish","type":"post","link":"https:\/\/miraserra.org.br\/index.php\/2018\/11\/08\/eleicoes-no-conama\/","title":{"rendered":"ELEIC\u00d5ES NO CONAMA"},"content":{"rendered":"\n<p>MIRA-SERRA presidiu Comiss\u00e3o de Apura\u00e7\u00e3o, na elei\u00e7\u00e3o das ONGs do Cadastro Nacional de Entidades Ambientalistas, para vagas no Conselho Nacional do Meio Ambiente. FURPA (vice-presid\u00eancia) e Ponto Terra (relatoria) tamb\u00e9m integraram a Comiss\u00e3o. A apura\u00e7\u00e3o foi transmitida em tempo real pelo canal oficial do Minist\u00e9rio do Meio Ambiente, no You Tube. <\/p>\n\n\n\n<p>Veja mais em: <a href=\"http:\/\/cnea.mma.gov.br\/eleicao-cp-cnea\" target=\"_blank\" rel=\"noreferrer noopener\" aria-label=\"http:\/\/cnea.mma.gov.br\/eleicao-cp-cnea (abre numa nova aba)\">http:\/\/cnea.mma.gov.br\/eleicao-cp-cnea<\/a><\/p>\n","protected":false},"excerpt":{"rendered":"<p>MIRA-SERRA presidiu Comiss\u00e3o de Apura\u00e7\u00e3o, na elei\u00e7\u00e3o das ONGs do Cadastro Nacional de Entidades Ambientalistas, para vagas no Conselho Nacional<\/p>\n","protected":false},"author":1,"featured_media":981,"comment_status":"open","ping_status":"open","sticky":false,"template":"","format":"standard","meta":{"colormag_page_container_layout":"default_layout","colormag_page_sidebar_layout":"default_layout","_themeisle_gutenberg_block_has_review":false,"footnotes":""},"categories":[56],"tags":[],"class_list":["post-979","post","type-post","status-publish","format-standard","has-post-thumbnail","hentry","category-conama"],"_links":{"self":[{"href":"https:\/\/miraserra.org.br\/index.php\/wp-json\/wp\/v2\/posts\/979","targetHints":{"allow":["GET"]}}],"collection":[{"href":"https:\/\/miraserra.org.br\/index.php\/wp-json\/wp\/v2\/posts"}],"about":[{"href":"https:\/\/miraserra.org.br\/index.php\/wp-json\/wp\/v2\/types\/post"}],"author":[{"embeddable":true,"href":"https:\/\/miraserra.org.br\/index.php\/wp-json\/wp\/v2\/users\/1"}],"replies":[{"embeddable":true,"href":"https:\/\/miraserra.org.br\/index.php\/wp-json\/wp\/v2\/comments?post=979"}],"version-history":[{"count":1,"href":"https:\/\/miraserra.org.br\/index.php\/wp-json\/wp\/v2\/posts\/979\/revisions"}],"predecessor-version":[{"id":980,"href":"https:\/\/miraserra.org.br\/index.php\/wp-json\/wp\/v2\/posts\/979\/revisions\/980"}],"wp:featuredmedia":[{"embeddable":true,"href":"https:\/\/miraserra.org.br\/index.php\/wp-json\/wp\/v2\/media\/981"}],"wp:attachment":[{"href":"https:\/\/miraserra.org.br\/index.php\/wp-json\/wp\/v2\/media?parent=979"}],"wp:term":[{"taxonomy":"category","embeddable":true,"href":"https:\/\/miraserra.org.br\/index.php\/wp-json\/wp\/v2\/categories?post=979"},{"taxonomy":"post_tag","embeddable":true,"href":"https:\/\/miraserra.org.br\/index.php\/wp-json\/wp\/v2\/tags?post=979"}],"curies":[{"name":"wp","href":"https:\/\/api.w.org\/{rel}","templated":true}]}}