{"id":982,"date":"2018-11-08T20:18:59","date_gmt":"2018-11-08T22:18:59","guid":{"rendered":"http:\/\/miraserra.org.br\/?p=982"},"modified":"2019-07-20T20:20:32","modified_gmt":"2019-07-20T23:20:32","slug":"consema-em-outubro-pch-cgh-ea-perai-e-silvicultura-em-pauta","status":"publish","type":"post","link":"https:\/\/miraserra.org.br\/index.php\/2018\/11\/08\/consema-em-outubro-pch-cgh-ea-perai-e-silvicultura-em-pauta\/","title":{"rendered":"CONSEMA em outubro: PCH\/CGH, EA, PERAI e silvicultura em pauta"},"content":{"rendered":"\n<p>Consenso obtido na reuni\u00e3o de pareceristas (MIRA-SERRA e SEMARS), na manh\u00e3 do dia 7\/11, auxiliou na vota\u00e7\u00e3o da proposta de resolu\u00e7\u00e3o, relativa ao licenciamento de PCH e CGH, da plen\u00e1ria do CONSEMA-RS na tarde de 8\/10. MIRA-SERRA n\u00e3o conseguiu aprovar altera\u00e7\u00f5es na resolu\u00e7\u00e3o relativo ao PERAI (irrigantes), mas sua proposta de resolu\u00e7\u00e3o sobre<br> projetos de educa\u00e7\u00e3o ambiental em licenciamentos ambientais \u2013 embora, bastante modificada pela C\u00e2mara T\u00e9cnica \u2013 foi aprovada pela plen\u00e1ria. Ainda, a representa\u00e7\u00e3o da entidade, pediu vista da mat\u00e9ria que<br> versa sobre silvicultura.<\/p>\n","protected":false},"excerpt":{"rendered":"<p>Consenso obtido na reuni\u00e3o de pareceristas (MIRA-SERRA e SEMARS), na manh\u00e3 do dia 7\/11, auxiliou na vota\u00e7\u00e3o da proposta de<\/p>\n","protected":false},"author":1,"featured_media":984,"comment_status":"open","ping_status":"open","sticky":false,"template":"","format":"standard","meta":{"colormag_page_container_layout":"default_layout","colormag_page_sidebar_layout":"default_layout","_themeisle_gutenberg_block_has_review":false,"footnotes":""},"categories":[58],"tags":[],"class_list":["post-982","post","type-post","status-publish","format-standard","has-post-thumbnail","hentry","category-consema-rs"],"_links":{"self":[{"href":"https:\/\/miraserra.org.br\/index.php\/wp-json\/wp\/v2\/posts\/982","targetHints":{"allow":["GET"]}}],"collection":[{"href":"https:\/\/miraserra.org.br\/index.php\/wp-json\/wp\/v2\/posts"}],"about":[{"href":"https:\/\/miraserra.org.br\/index.php\/wp-json\/wp\/v2\/types\/post"}],"author":[{"embeddable":true,"href":"https:\/\/miraserra.org.br\/index.php\/wp-json\/wp\/v2\/users\/1"}],"replies":[{"embeddable":true,"href":"https:\/\/miraserra.org.br\/index.php\/wp-json\/wp\/v2\/comments?post=982"}],"version-history":[{"count":1,"href":"https:\/\/miraserra.org.br\/index.php\/wp-json\/wp\/v2\/posts\/982\/revisions"}],"predecessor-version":[{"id":983,"href":"https:\/\/miraserra.org.br\/index.php\/wp-json\/wp\/v2\/posts\/982\/revisions\/983"}],"wp:featuredmedia":[{"embeddable":true,"href":"https:\/\/miraserra.org.br\/index.php\/wp-json\/wp\/v2\/media\/984"}],"wp:attachment":[{"href":"https:\/\/miraserra.org.br\/index.php\/wp-json\/wp\/v2\/media?parent=982"}],"wp:term":[{"taxonomy":"category","embeddable":true,"href":"https:\/\/miraserra.org.br\/index.php\/wp-json\/wp\/v2\/categories?post=982"},{"taxonomy":"post_tag","embeddable":true,"href":"https:\/\/miraserra.org.br\/index.php\/wp-json\/wp\/v2\/tags?post=982"}],"curies":[{"name":"wp","href":"https:\/\/api.w.org\/{rel}","templated":true}]}}