{"id":985,"date":"2018-10-30T22:21:56","date_gmt":"2018-10-31T01:21:56","guid":{"rendered":"http:\/\/miraserra.org.br\/?p=985"},"modified":"2019-07-20T22:24:03","modified_gmt":"2019-07-21T01:24:03","slug":"comite-do-lago-guaiba-reuniao-de-outubro","status":"publish","type":"post","link":"https:\/\/miraserra.org.br\/index.php\/2018\/10\/30\/comite-do-lago-guaiba-reuniao-de-outubro\/","title":{"rendered":"COMIT\u00ca DO LAGO GUA\u00cdBA: reuni\u00e3o de outubro"},"content":{"rendered":"\n<p>Comit\u00ea do Lago Gua\u00edba aprova altera\u00e7\u00e3o do Regimento Interno e Plano de Trabalho para 2019 A Mira-Serra esteve representada na Reuni\u00e3o Extraordin\u00e1ria do<br> Comit\u00ea do Lago Gua\u00edba, realizada em 30\/10\/2018, no Audit\u00f3rio do IFRS. Foi discutida e aprovada a proposta de altera\u00e7\u00e3o dos artigos 6\u00ba, 18\u00ba, 25\u00ba e 26\u00ba do Regimento Interno, com contribui\u00e7\u00f5es da Plen\u00e1ria A MIRA-SERRA teve aprovada pela Plen\u00e1ria, a sugest\u00e3o de que a contrata\u00e7\u00e3o de estagi\u00e1rios n\u00e3o se restringisse \u00e0 forma\u00e7\u00e3o na \u00e1rea ambiental. Fundamentou que os<br> pr\u00f3prios membros do Comit\u00ea haviam decidido na oficina de Comunica\u00e7\u00e3o de 2017 que a \u00e1rea de<br> Comunica\u00e7\u00e3o Social seria vital para divulga\u00e7\u00e3o e informa\u00e7\u00e3o \u00e0 sociedade sobre o trabalho do grupo. Destacou que deixando em aberto a \u00e1rea de forma\u00e7\u00e3o, acad\u00eamicos de outras \u00e1reas tamb\u00e9m poderiam se interessar pelo est\u00e1gio, assim como o Comit\u00ea poderia<br> ter necessidades diversas em sua administra\u00e7\u00e3o, sendo<br> interessante estipular que as vagas seriam preenchidas de acordo com as demandas do trabalho. Tamb\u00e9m foram expostos e aprovados o Termo de Conv\u00eanio<br> 013\/2016, com as devidas justificativas t\u00e9cnicas e jur\u00eddicas, bem como a adequa\u00e7\u00e3o do Plano de Trabalho,<br> com altera\u00e7\u00e3o dos dados cadastrais e das despesas, para solicita\u00e7\u00e3o de prorroga\u00e7\u00e3o de prazo e aditamento de valor. As solicita\u00e7\u00f5es de altera\u00e7\u00e3o ser\u00e3o encaminhadas via of\u00edcio \u00e0 SEMA. Ficou registrado que o presidente do Comit\u00ea foi convidado para reuni\u00e3o do Conselho Municipal de Meio Ambiente, que foi cancelada pela quarta vez. H\u00e1 preocupa\u00e7\u00e3o com os projetos da Metroplan (Plano de Conten\u00e7\u00e3o de Cheias da Regi\u00e3o Metropolitana da Metroplan), send o de gran de impo rt\u00e2ncia o conhecimento do seu conte\u00fado . O assunto ser\u00e1 tratado na reuni\u00e3o da CPA, em 06\/11\/18, e, caso seja poss\u00edvel, inclu\u00eddo na pauta da 116\u00aa RO, do dia 20\/11\/18.grande import\u00e2ncia o conhecimento do seu conte\u00fado . O assunto ser\u00e1 tratado na reuni\u00e3o da CPA,<br> em 06\/11\/18, e, caso seja poss\u00edvel, inclu\u00eddo na pauta da 116\u00aa RO, do dia 20\/11\/18.<\/p>\n\n\n\n<ul class=\"wp-block-gallery columns-3 is-cropped wp-block-gallery-1 is-layout-flex wp-block-gallery-is-layout-flex\"><li class=\"blocks-gallery-item\"><figure><img loading=\"lazy\" decoding=\"async\" width=\"768\" height=\"576\" src=\"http:\/\/miraserra.org.br\/wp-content\/uploads\/2019\/07\/45885780_2385599624787512_7569997438224695296_n-768x576.jpg\" alt=\"\" data-id=\"988\" data-link=\"http:\/\/miraserra.org.br\/index.php\/2019\/07\/20\/comite-do-lago-guaiba-reuniao-de-outubro\/45885780_2385599624787512_7569997438224695296_n-768x576\/\" class=\"wp-image-988\" srcset=\"https:\/\/miraserra.org.br\/wp-content\/uploads\/2019\/07\/45885780_2385599624787512_7569997438224695296_n-768x576.jpg 768w, https:\/\/miraserra.org.br\/wp-content\/uploads\/2019\/07\/45885780_2385599624787512_7569997438224695296_n-768x576-300x225.jpg 300w\" sizes=\"auto, (max-width: 768px) 100vw, 768px\" \/><\/figure><\/li><li class=\"blocks-gallery-item\"><figure><img loading=\"lazy\" decoding=\"async\" width=\"720\" height=\"960\" src=\"http:\/\/miraserra.org.br\/wp-content\/uploads\/2019\/07\/lago-gel.jpg\" alt=\"\" data-id=\"989\" data-link=\"http:\/\/miraserra.org.br\/index.php\/2019\/07\/20\/comite-do-lago-guaiba-reuniao-de-outubro\/lago-gel\/\" class=\"wp-image-989\" srcset=\"https:\/\/miraserra.org.br\/wp-content\/uploads\/2019\/07\/lago-gel.jpg 720w, https:\/\/miraserra.org.br\/wp-content\/uploads\/2019\/07\/lago-gel-225x300.jpg 225w\" sizes=\"auto, (max-width: 720px) 100vw, 720px\" \/><\/figure><\/li><li class=\"blocks-gallery-item\"><figure><img loading=\"lazy\" decoding=\"async\" width=\"768\" height=\"576\" src=\"http:\/\/miraserra.org.br\/wp-content\/uploads\/2019\/07\/lago-mesa-768x576.jpg\" alt=\"\" data-id=\"990\" data-link=\"http:\/\/miraserra.org.br\/index.php\/2019\/07\/20\/comite-do-lago-guaiba-reuniao-de-outubro\/lago-mesa-768x576\/\" class=\"wp-image-990\" srcset=\"https:\/\/miraserra.org.br\/wp-content\/uploads\/2019\/07\/lago-mesa-768x576.jpg 768w, https:\/\/miraserra.org.br\/wp-content\/uploads\/2019\/07\/lago-mesa-768x576-300x225.jpg 300w\" sizes=\"auto, (max-width: 768px) 100vw, 768px\" \/><\/figure><\/li><\/ul>\n","protected":false},"excerpt":{"rendered":"<p>Comit\u00ea do Lago Gua\u00edba aprova altera\u00e7\u00e3o do Regimento Interno e Plano de Trabalho para 2019 A Mira-Serra esteve representada na<\/p>\n","protected":false},"author":1,"featured_media":987,"comment_status":"open","ping_status":"open","sticky":false,"template":"","format":"standard","meta":{"colormag_page_container_layout":"default_layout","colormag_page_sidebar_layout":"default_layout","_themeisle_gutenberg_block_has_review":false,"footnotes":""},"categories":[59],"tags":[],"class_list":["post-985","post","type-post","status-publish","format-standard","has-post-thumbnail","hentry","category-comites-de-bacia-hidrografica"],"_links":{"self":[{"href":"https:\/\/miraserra.org.br\/index.php\/wp-json\/wp\/v2\/posts\/985","targetHints":{"allow":["GET"]}}],"collection":[{"href":"https:\/\/miraserra.org.br\/index.php\/wp-json\/wp\/v2\/posts"}],"about":[{"href":"https:\/\/miraserra.org.br\/index.php\/wp-json\/wp\/v2\/types\/post"}],"author":[{"embeddable":true,"href":"https:\/\/miraserra.org.br\/index.php\/wp-json\/wp\/v2\/users\/1"}],"replies":[{"embeddable":true,"href":"https:\/\/miraserra.org.br\/index.php\/wp-json\/wp\/v2\/comments?post=985"}],"version-history":[{"count":2,"href":"https:\/\/miraserra.org.br\/index.php\/wp-json\/wp\/v2\/posts\/985\/revisions"}],"predecessor-version":[{"id":991,"href":"https:\/\/miraserra.org.br\/index.php\/wp-json\/wp\/v2\/posts\/985\/revisions\/991"}],"wp:featuredmedia":[{"embeddable":true,"href":"https:\/\/miraserra.org.br\/index.php\/wp-json\/wp\/v2\/media\/987"}],"wp:attachment":[{"href":"https:\/\/miraserra.org.br\/index.php\/wp-json\/wp\/v2\/media?parent=985"}],"wp:term":[{"taxonomy":"category","embeddable":true,"href":"https:\/\/miraserra.org.br\/index.php\/wp-json\/wp\/v2\/categories?post=985"},{"taxonomy":"post_tag","embeddable":true,"href":"https:\/\/miraserra.org.br\/index.php\/wp-json\/wp\/v2\/tags?post=985"}],"curies":[{"name":"wp","href":"https:\/\/api.w.org\/{rel}","templated":true}]}}