{"id":992,"date":"2018-10-25T22:30:45","date_gmt":"2018-10-26T01:30:45","guid":{"rendered":"http:\/\/miraserra.org.br\/?p=992"},"modified":"2019-08-25T22:55:30","modified_gmt":"2019-08-26T01:55:30","slug":"cd-fnma-realiza-homenagem-inedita","status":"publish","type":"post","link":"https:\/\/miraserra.org.br\/index.php\/2018\/10\/25\/cd-fnma-realiza-homenagem-inedita\/","title":{"rendered":"CD FNMA realiza homenagem in\u00e9dita"},"content":{"rendered":"\n<p>Reuni\u00e3o do Conselho Deliberativo do Fundo Nacional do Meio Ambiente (CD FNMA) homenageou a coordenadora-presidente da MIRA-SERRA, assim como o representante da ONG Mover (MG). O ato, in\u00e9dito nos 30 anos do CD FNMA, ocorreu no in\u00edcio da reuni\u00e3o, com um relato sobre o envolvimento de ambos os conselheiros durante os tr\u00eas bi\u00eanios em que estiveram presentes. Na sequ\u00eancia, foi apresentado o quadro dos concorrente s no edital relativo ao clima\/seca Foram 205 proponentes, sendo 32 aprovados. A maioria dos munic\u00edpios n\u00e3o apresentou os itens exigidos, sendo que muitos sequer leram o edital. Ser\u00e3o 25 munic\u00edpios, em<br> princ\u00edpio, a conveniar. Finalizando, houve presenta\u00e7\u00e3o da situa\u00e7\u00e3o atual do FNMA, sendo registrada a possibilidades de entrada de mais recursos al\u00e9m da Uni\u00e3o.<\/p>\n\n\n\n<ul class=\"wp-block-gallery columns-3 is-cropped wp-block-gallery-1 is-layout-flex wp-block-gallery-is-layout-flex\"><li class=\"blocks-gallery-item\"><figure><img loading=\"lazy\" decoding=\"async\" width=\"768\" height=\"576\" src=\"http:\/\/miraserra.org.br\/wp-content\/uploads\/2019\/07\/20181025_101311-768x576.jpg\" alt=\"\" data-id=\"994\" data-link=\"http:\/\/miraserra.org.br\/?attachment_id=994\" class=\"wp-image-994\" srcset=\"https:\/\/miraserra.org.br\/wp-content\/uploads\/2019\/07\/20181025_101311-768x576.jpg 768w, https:\/\/miraserra.org.br\/wp-content\/uploads\/2019\/07\/20181025_101311-768x576-300x225.jpg 300w\" sizes=\"auto, (max-width: 768px) 100vw, 768px\" \/><\/figure><\/li><li class=\"blocks-gallery-item\"><figure><img loading=\"lazy\" decoding=\"async\" width=\"552\" height=\"858\" src=\"http:\/\/miraserra.org.br\/wp-content\/uploads\/2019\/07\/20181025_212216.jpg\" alt=\"\" data-id=\"995\" data-link=\"http:\/\/miraserra.org.br\/?attachment_id=995\" class=\"wp-image-995\" srcset=\"https:\/\/miraserra.org.br\/wp-content\/uploads\/2019\/07\/20181025_212216.jpg 552w, https:\/\/miraserra.org.br\/wp-content\/uploads\/2019\/07\/20181025_212216-193x300.jpg 193w\" sizes=\"auto, (max-width: 552px) 100vw, 552px\" \/><\/figure><\/li><li class=\"blocks-gallery-item\"><figure><img loading=\"lazy\" decoding=\"async\" width=\"800\" height=\"445\" src=\"http:\/\/miraserra.org.br\/wp-content\/uploads\/2019\/07\/20181026_163504-800x445-1.jpg\" alt=\"\" data-id=\"996\" data-link=\"http:\/\/miraserra.org.br\/?attachment_id=996\" class=\"wp-image-996\" srcset=\"https:\/\/miraserra.org.br\/wp-content\/uploads\/2019\/07\/20181026_163504-800x445-1.jpg 800w, https:\/\/miraserra.org.br\/wp-content\/uploads\/2019\/07\/20181026_163504-800x445-1-300x167.jpg 300w, https:\/\/miraserra.org.br\/wp-content\/uploads\/2019\/07\/20181026_163504-800x445-1-768x427.jpg 768w\" sizes=\"auto, (max-width: 800px) 100vw, 800px\" \/><\/figure><\/li><\/ul>\n","protected":false},"excerpt":{"rendered":"<p>Reuni\u00e3o do Conselho Deliberativo do Fundo Nacional do Meio Ambiente (CD FNMA) homenageou a coordenadora-presidente da MIRA-SERRA, assim como o<\/p>\n","protected":false},"author":1,"featured_media":993,"comment_status":"closed","ping_status":"closed","sticky":false,"template":"","format":"standard","meta":{"colormag_page_container_layout":"default_layout","colormag_page_sidebar_layout":"default_layout","_themeisle_gutenberg_block_has_review":false,"footnotes":""},"categories":[89],"tags":[],"class_list":["post-992","post","type-post","status-publish","format-standard","has-post-thumbnail","hentry","category-cd-fnma"],"_links":{"self":[{"href":"https:\/\/miraserra.org.br\/index.php\/wp-json\/wp\/v2\/posts\/992","targetHints":{"allow":["GET"]}}],"collection":[{"href":"https:\/\/miraserra.org.br\/index.php\/wp-json\/wp\/v2\/posts"}],"about":[{"href":"https:\/\/miraserra.org.br\/index.php\/wp-json\/wp\/v2\/types\/post"}],"author":[{"embeddable":true,"href":"https:\/\/miraserra.org.br\/index.php\/wp-json\/wp\/v2\/users\/1"}],"replies":[{"embeddable":true,"href":"https:\/\/miraserra.org.br\/index.php\/wp-json\/wp\/v2\/comments?post=992"}],"version-history":[{"count":1,"href":"https:\/\/miraserra.org.br\/index.php\/wp-json\/wp\/v2\/posts\/992\/revisions"}],"predecessor-version":[{"id":997,"href":"https:\/\/miraserra.org.br\/index.php\/wp-json\/wp\/v2\/posts\/992\/revisions\/997"}],"wp:featuredmedia":[{"embeddable":true,"href":"https:\/\/miraserra.org.br\/index.php\/wp-json\/wp\/v2\/media\/993"}],"wp:attachment":[{"href":"https:\/\/miraserra.org.br\/index.php\/wp-json\/wp\/v2\/media?parent=992"}],"wp:term":[{"taxonomy":"category","embeddable":true,"href":"https:\/\/miraserra.org.br\/index.php\/wp-json\/wp\/v2\/categories?post=992"},{"taxonomy":"post_tag","embeddable":true,"href":"https:\/\/miraserra.org.br\/index.php\/wp-json\/wp\/v2\/tags?post=992"}],"curies":[{"name":"wp","href":"https:\/\/api.w.org\/{rel}","templated":true}]}}